{"id":5543,"date":"2018-10-25T14:51:58","date_gmt":"2018-10-25T14:51:58","guid":{"rendered":"https:\/\/www.cultidelta.com\/?p=5543"},"modified":"2023-01-31T10:19:19","modified_gmt":"2023-01-31T10:19:19","slug":"participacion-en-las-ii-jornadas-de-jardineria-galaico-portuguesas","status":"publish","type":"post","link":"https:\/\/www.cultidelta.com\/ca\/participacion-en-las-ii-jornadas-de-jardineria-galaico-portuguesas\/","title":{"rendered":"Participaci\u00f3n en las II Jornadas de jardiner\u00eda galaico-portuguesas"},"content":{"rendered":"\n<p>Las jornadas iban sobre las paredes verticales y las cubiertas ajardinadas<\/p>\n\n\n\n<p>El pasado 19 de octubre, el Sr. Enric Sancho, dio una charla en Allariz (Orense) sobre conceptos para la selecci\u00f3n adecuada de especies utilizables en cubiertas vegetales.<\/p>\n\n\n\n<p>Esta jornada t\u00e9cnica fue organizada por &#8220;La Eurorrexi\u00f3n Galicia-Norte de Portugal (AECT)&#8221;, conjuntamente con &#8220;la Associa\u00e7\u00e2o Nacional de Empresas Florestais, Agr\u00edcolas e do Ambiente (ANEFA)&#8221; de Portugal y &#8220;la Asociaci\u00f3n Galega de Empresas de Xardiner\u00eda (Agaexar)&#8221;. El evento fue financiado por el programa Interreg V-A Espa\u00f1a-Portugal.<br><\/p>\n\n\n\n<p>En la jornada hubo casi 200 asistentes y posteriormente se visit\u00f3 el Festival de Jardines de Allariz.<\/p>\n\n\n\n<figure class=\"wp-block-gallery has-nested-images columns-default is-cropped wp-block-gallery-1 is-layout-flex wp-block-gallery-is-layout-flex\">\n<figure class=\"wp-block-image size-large\"><img loading=\"lazy\" decoding=\"async\" width=\"1024\" height=\"768\" data-id=\"5880\" src=\"https:\/\/www.cultidelta.com\/wp-content\/uploads\/2023\/01\/Galicia-1-20181-1-1024x768.jpg\" alt=\"\" class=\"wp-image-5880\" srcset=\"https:\/\/www.cultidelta.com\/wp-content\/uploads\/2023\/01\/Galicia-1-20181-1-1024x768.jpg 1024w, https:\/\/www.cultidelta.com\/wp-content\/uploads\/2023\/01\/Galicia-1-20181-1-768x576.jpg 768w, https:\/\/www.cultidelta.com\/wp-content\/uploads\/2023\/01\/Galicia-1-20181-1-320x240.jpg 320w, https:\/\/www.cultidelta.com\/wp-content\/uploads\/2023\/01\/Galicia-1-20181-1-480x360.jpg 480w, https:\/\/www.cultidelta.com\/wp-content\/uploads\/2023\/01\/Galicia-1-20181-1-800x600.jpg 800w, https:\/\/www.cultidelta.com\/wp-content\/uploads\/2023\/01\/Galicia-1-20181-1-463x348.jpg 463w, https:\/\/www.cultidelta.com\/wp-content\/uploads\/2023\/01\/Galicia-1-20181-1-640x480.jpg 640w, https:\/\/www.cultidelta.com\/wp-content\/uploads\/2023\/01\/Galicia-1-20181-1-400x300.jpg 400w, https:\/\/www.cultidelta.com\/wp-content\/uploads\/2023\/01\/Galicia-1-20181-1-367x275.jpg 367w\" sizes=\"auto, (max-width: 1024px) 100vw, 1024px\" \/><\/figure>\n\n\n\n<figure class=\"wp-block-image size-large\"><img loading=\"lazy\" decoding=\"async\" width=\"1024\" height=\"768\" data-id=\"5884\" src=\"https:\/\/www.cultidelta.com\/wp-content\/uploads\/2023\/01\/Galicia-1-2018-1-1024x768.jpg\" alt=\"\" class=\"wp-image-5884\" srcset=\"https:\/\/www.cultidelta.com\/wp-content\/uploads\/2023\/01\/Galicia-1-2018-1-1024x768.jpg 1024w, https:\/\/www.cultidelta.com\/wp-content\/uploads\/2023\/01\/Galicia-1-2018-1-768x576.jpg 768w, https:\/\/www.cultidelta.com\/wp-content\/uploads\/2023\/01\/Galicia-1-2018-1-320x240.jpg 320w, https:\/\/www.cultidelta.com\/wp-content\/uploads\/2023\/01\/Galicia-1-2018-1-480x360.jpg 480w, https:\/\/www.cultidelta.com\/wp-content\/uploads\/2023\/01\/Galicia-1-2018-1-800x600.jpg 800w, https:\/\/www.cultidelta.com\/wp-content\/uploads\/2023\/01\/Galicia-1-2018-1-463x348.jpg 463w, https:\/\/www.cultidelta.com\/wp-content\/uploads\/2023\/01\/Galicia-1-2018-1-640x480.jpg 640w, https:\/\/www.cultidelta.com\/wp-content\/uploads\/2023\/01\/Galicia-1-2018-1-400x300.jpg 400w, https:\/\/www.cultidelta.com\/wp-content\/uploads\/2023\/01\/Galicia-1-2018-1-367x275.jpg 367w\" sizes=\"auto, (max-width: 1024px) 100vw, 1024px\" \/><\/figure>\n<\/figure>\n\n\n\n<p><\/p>\n","protected":false},"excerpt":{"rendered":"<p>Las jornadas iban sobre las paredes verticales y las cubiertas ajardinadas El pasado 19 de octubre, el Sr. Enric Sancho, dio una charla en Allariz (Orense) sobre conceptos para la selecci\u00f3n adecuada de especies utilizables en cubiertas vegetales. Esta jornada t\u00e9cnica fue organizada por &#8220;La Eurorrexi\u00f3n Galicia-Norte de Portugal (AECT)&#8221;, conjuntamente con &#8220;la Associa\u00e7\u00e2o Nacional [&hellip;]<\/p>\n","protected":false},"author":1,"featured_media":5544,"comment_status":"open","ping_status":"closed","sticky":false,"template":"","format":"standard","meta":{"_acf_changed":false,"om_disable_all_campaigns":false,"_monsterinsights_skip_tracking":false,"_monsterinsights_sitenote_active":false,"_monsterinsights_sitenote_note":"","_monsterinsights_sitenote_category":0,"footnotes":""},"categories":[1],"tags":[101],"class_list":["post-5543","post","type-post","status-publish","format-standard","has-post-thumbnail","hentry","category-sin-categorizar","tag-101"],"acf":[],"aioseo_notices":[],"featured_image_src":{"landsacpe":["https:\/\/www.cultidelta.com\/wp-content\/uploads\/2023\/01\/Logo-Galicia-2018.jpg",640,222,false],"list":["https:\/\/www.cultidelta.com\/wp-content\/uploads\/2023\/01\/Logo-Galicia-2018-463x222.jpg",463,222,true],"medium":["https:\/\/www.cultidelta.com\/wp-content\/uploads\/2023\/01\/Logo-Galicia-2018-300x104.jpg",300,104,true],"full":["https:\/\/www.cultidelta.com\/wp-content\/uploads\/2023\/01\/Logo-Galicia-2018.jpg",640,222,false]},"_links":{"self":[{"href":"https:\/\/www.cultidelta.com\/ca\/wp-json\/wp\/v2\/posts\/5543","targetHints":{"allow":["GET"]}}],"collection":[{"href":"https:\/\/www.cultidelta.com\/ca\/wp-json\/wp\/v2\/posts"}],"about":[{"href":"https:\/\/www.cultidelta.com\/ca\/wp-json\/wp\/v2\/types\/post"}],"author":[{"embeddable":true,"href":"https:\/\/www.cultidelta.com\/ca\/wp-json\/wp\/v2\/users\/1"}],"replies":[{"embeddable":true,"href":"https:\/\/www.cultidelta.com\/ca\/wp-json\/wp\/v2\/comments?post=5543"}],"version-history":[{"count":2,"href":"https:\/\/www.cultidelta.com\/ca\/wp-json\/wp\/v2\/posts\/5543\/revisions"}],"predecessor-version":[{"id":5889,"href":"https:\/\/www.cultidelta.com\/ca\/wp-json\/wp\/v2\/posts\/5543\/revisions\/5889"}],"wp:featuredmedia":[{"embeddable":true,"href":"https:\/\/www.cultidelta.com\/ca\/wp-json\/wp\/v2\/media\/5544"}],"wp:attachment":[{"href":"https:\/\/www.cultidelta.com\/ca\/wp-json\/wp\/v2\/media?parent=5543"}],"wp:term":[{"taxonomy":"category","embeddable":true,"href":"https:\/\/www.cultidelta.com\/ca\/wp-json\/wp\/v2\/categories?post=5543"},{"taxonomy":"post_tag","embeddable":true,"href":"https:\/\/www.cultidelta.com\/ca\/wp-json\/wp\/v2\/tags?post=5543"}],"curies":[{"name":"wp","href":"https:\/\/api.w.org\/{rel}","templated":true}]}}