{"id":5577,"date":"2016-10-26T09:55:02","date_gmt":"2016-10-26T09:55:02","guid":{"rendered":"https:\/\/www.cultidelta.com\/?p=5577"},"modified":"2023-01-31T10:22:46","modified_gmt":"2023-01-31T10:22:46","slug":"cultidelta-vuelve-a-confiar-en-iberflora","status":"publish","type":"post","link":"https:\/\/www.cultidelta.com\/ca\/cultidelta-vuelve-a-confiar-en-iberflora\/","title":{"rendered":"CULTIDELTA vuelve a confiar en IBERFLORA"},"content":{"rendered":"\n<p>Por novena vez, participamos en la feria internacional de planta y flor, paisajismo, tecnolog\u00eda y bricojard\u00edn.<\/p>\n\n\n\n<p>Cultidelta ha participado un a\u00f1o m\u00e1s en la feria Iberflora, recibiendo un importante n\u00famero de visitantes.<br><br>La empresa ha aprovechado para presentar su nuevo cat\u00e1logo para la temporada 2016-2017.<br><br>Como otros a\u00f1os, el cat\u00e1logo tiene una gama importante de especies aut\u00f3ctonas y de jardiner\u00eda de bajo consumo h\u00eddrico.<br><br><\/p>\n\n\n\n<figure class=\"wp-block-gallery has-nested-images columns-default is-cropped wp-block-gallery-1 is-layout-flex wp-block-gallery-is-layout-flex\">\n<figure class=\"wp-block-image size-large\"><img loading=\"lazy\" decoding=\"async\" width=\"1024\" height=\"576\" data-id=\"5909\" src=\"https:\/\/www.cultidelta.com\/wp-content\/uploads\/2023\/01\/FotoStandIberflora2-1024x576.jpg\" alt=\"\" class=\"wp-image-5909\" srcset=\"https:\/\/www.cultidelta.com\/wp-content\/uploads\/2023\/01\/FotoStandIberflora2-1024x576.jpg 1024w, https:\/\/www.cultidelta.com\/wp-content\/uploads\/2023\/01\/FotoStandIberflora2-768x432.jpg 768w, https:\/\/www.cultidelta.com\/wp-content\/uploads\/2023\/01\/FotoStandIberflora2-320x180.jpg 320w, https:\/\/www.cultidelta.com\/wp-content\/uploads\/2023\/01\/FotoStandIberflora2-480x270.jpg 480w, https:\/\/www.cultidelta.com\/wp-content\/uploads\/2023\/01\/FotoStandIberflora2-800x450.jpg 800w, https:\/\/www.cultidelta.com\/wp-content\/uploads\/2023\/01\/FotoStandIberflora2-640x360.jpg 640w, https:\/\/www.cultidelta.com\/wp-content\/uploads\/2023\/01\/FotoStandIberflora2-400x225.jpg 400w, https:\/\/www.cultidelta.com\/wp-content\/uploads\/2023\/01\/FotoStandIberflora2-336x190.jpg 336w, https:\/\/www.cultidelta.com\/wp-content\/uploads\/2023\/01\/FotoStandIberflora2-367x206.jpg 367w\" sizes=\"auto, (max-width: 1024px) 100vw, 1024px\" \/><\/figure>\n\n\n\n<figure class=\"wp-block-image size-large\"><img loading=\"lazy\" decoding=\"async\" width=\"1024\" height=\"576\" data-id=\"5911\" src=\"https:\/\/www.cultidelta.com\/wp-content\/uploads\/2023\/01\/FotostandIberflora1-1024x576.jpg\" alt=\"\" class=\"wp-image-5911\" srcset=\"https:\/\/www.cultidelta.com\/wp-content\/uploads\/2023\/01\/FotostandIberflora1-1024x576.jpg 1024w, https:\/\/www.cultidelta.com\/wp-content\/uploads\/2023\/01\/FotostandIberflora1-768x432.jpg 768w, https:\/\/www.cultidelta.com\/wp-content\/uploads\/2023\/01\/FotostandIberflora1-320x180.jpg 320w, https:\/\/www.cultidelta.com\/wp-content\/uploads\/2023\/01\/FotostandIberflora1-480x270.jpg 480w, https:\/\/www.cultidelta.com\/wp-content\/uploads\/2023\/01\/FotostandIberflora1-800x450.jpg 800w, https:\/\/www.cultidelta.com\/wp-content\/uploads\/2023\/01\/FotostandIberflora1-640x360.jpg 640w, https:\/\/www.cultidelta.com\/wp-content\/uploads\/2023\/01\/FotostandIberflora1-400x225.jpg 400w, https:\/\/www.cultidelta.com\/wp-content\/uploads\/2023\/01\/FotostandIberflora1-336x190.jpg 336w, https:\/\/www.cultidelta.com\/wp-content\/uploads\/2023\/01\/FotostandIberflora1-367x206.jpg 367w\" sizes=\"auto, (max-width: 1024px) 100vw, 1024px\" \/><\/figure>\n<\/figure>\n\n\n\n<p><\/p>\n","protected":false},"excerpt":{"rendered":"<p>Por novena vez, participamos en la feria internacional de planta y flor, paisajismo, tecnolog\u00eda y bricojard\u00edn. Cultidelta ha participado un a\u00f1o m\u00e1s en la feria Iberflora, recibiendo un importante n\u00famero de visitantes. La empresa ha aprovechado para presentar su nuevo cat\u00e1logo para la temporada 2016-2017. Como otros a\u00f1os, el cat\u00e1logo tiene una gama importante de [&hellip;]<\/p>\n","protected":false},"author":1,"featured_media":5578,"comment_status":"open","ping_status":"closed","sticky":false,"template":"","format":"standard","meta":{"_acf_changed":false,"om_disable_all_campaigns":false,"_monsterinsights_skip_tracking":false,"_monsterinsights_sitenote_active":false,"_monsterinsights_sitenote_note":"","_monsterinsights_sitenote_category":0,"footnotes":""},"categories":[1],"tags":[103],"class_list":["post-5577","post","type-post","status-publish","format-standard","has-post-thumbnail","hentry","category-sin-categorizar","tag-103"],"acf":[],"aioseo_notices":[],"featured_image_src":{"landsacpe":["https:\/\/www.cultidelta.com\/wp-content\/uploads\/2023\/01\/Iberflora2016.gif",257,170,false],"list":["https:\/\/www.cultidelta.com\/wp-content\/uploads\/2023\/01\/Iberflora2016.gif",257,170,false],"medium":["https:\/\/www.cultidelta.com\/wp-content\/uploads\/2023\/01\/Iberflora2016.gif",257,170,false],"full":["https:\/\/www.cultidelta.com\/wp-content\/uploads\/2023\/01\/Iberflora2016.gif",257,170,false]},"_links":{"self":[{"href":"https:\/\/www.cultidelta.com\/ca\/wp-json\/wp\/v2\/posts\/5577","targetHints":{"allow":["GET"]}}],"collection":[{"href":"https:\/\/www.cultidelta.com\/ca\/wp-json\/wp\/v2\/posts"}],"about":[{"href":"https:\/\/www.cultidelta.com\/ca\/wp-json\/wp\/v2\/types\/post"}],"author":[{"embeddable":true,"href":"https:\/\/www.cultidelta.com\/ca\/wp-json\/wp\/v2\/users\/1"}],"replies":[{"embeddable":true,"href":"https:\/\/www.cultidelta.com\/ca\/wp-json\/wp\/v2\/comments?post=5577"}],"version-history":[{"count":2,"href":"https:\/\/www.cultidelta.com\/ca\/wp-json\/wp\/v2\/posts\/5577\/revisions"}],"predecessor-version":[{"id":5917,"href":"https:\/\/www.cultidelta.com\/ca\/wp-json\/wp\/v2\/posts\/5577\/revisions\/5917"}],"wp:featuredmedia":[{"embeddable":true,"href":"https:\/\/www.cultidelta.com\/ca\/wp-json\/wp\/v2\/media\/5578"}],"wp:attachment":[{"href":"https:\/\/www.cultidelta.com\/ca\/wp-json\/wp\/v2\/media?parent=5577"}],"wp:term":[{"taxonomy":"category","embeddable":true,"href":"https:\/\/www.cultidelta.com\/ca\/wp-json\/wp\/v2\/categories?post=5577"},{"taxonomy":"post_tag","embeddable":true,"href":"https:\/\/www.cultidelta.com\/ca\/wp-json\/wp\/v2\/tags?post=5577"}],"curies":[{"name":"wp","href":"https:\/\/api.w.org\/{rel}","templated":true}]}}