{"id":5396,"date":"2021-12-24T10:15:57","date_gmt":"2021-12-24T10:15:57","guid":{"rendered":"https:\/\/www.cultidelta.com\/?p=5396"},"modified":"2023-01-31T10:14:47","modified_gmt":"2023-01-31T10:14:47","slug":"participacion-en-paysalia-lyon-francia","status":"publish","type":"post","link":"https:\/\/www.cultidelta.com\/en\/participacion-en-paysalia-lyon-francia\/","title":{"rendered":"Participaci\u00f3n en Paysalia, Lyon (Francia)"},"content":{"rendered":"\n<p>Del 30 de noviembre al 2 de diciembre tiene lugar esta feria dedicada a la exposici\u00f3n de paisajes, jardines y deportes.<\/p>\n\n\n\n<p>Hemos aprovechado para presentar el cat\u00e1logo 2021-22 que ya cuenta con m\u00e1s de 1.200 especies producidas gracias a un importante trabajo de recerca por parte de nuestro departamento t\u00e9cnico.<\/p>\n\n\n\n<p><\/p>\n\n\n\n<figure class=\"wp-block-gallery has-nested-images columns-default is-cropped wp-block-gallery-1 is-layout-flex wp-block-gallery-is-layout-flex\">\n<figure class=\"wp-block-image size-full\"><img loading=\"lazy\" decoding=\"async\" width=\"640\" height=\"480\" data-id=\"5832\" src=\"https:\/\/www.cultidelta.com\/wp-content\/uploads\/2023\/01\/Paysalia-2021-3.jpg\" alt=\"\" class=\"wp-image-5832\" srcset=\"https:\/\/www.cultidelta.com\/wp-content\/uploads\/2023\/01\/Paysalia-2021-3.jpg 640w, https:\/\/www.cultidelta.com\/wp-content\/uploads\/2023\/01\/Paysalia-2021-3-320x240.jpg 320w, https:\/\/www.cultidelta.com\/wp-content\/uploads\/2023\/01\/Paysalia-2021-3-480x360.jpg 480w, https:\/\/www.cultidelta.com\/wp-content\/uploads\/2023\/01\/Paysalia-2021-3-463x348.jpg 463w, https:\/\/www.cultidelta.com\/wp-content\/uploads\/2023\/01\/Paysalia-2021-3-400x300.jpg 400w, https:\/\/www.cultidelta.com\/wp-content\/uploads\/2023\/01\/Paysalia-2021-3-367x275.jpg 367w\" sizes=\"auto, (max-width: 640px) 100vw, 640px\" \/><\/figure>\n\n\n\n<figure class=\"wp-block-image size-full\"><img loading=\"lazy\" decoding=\"async\" width=\"640\" height=\"480\" data-id=\"5833\" src=\"https:\/\/www.cultidelta.com\/wp-content\/uploads\/2023\/01\/Paysalia-2021-2.jpg\" alt=\"\" class=\"wp-image-5833\" srcset=\"https:\/\/www.cultidelta.com\/wp-content\/uploads\/2023\/01\/Paysalia-2021-2.jpg 640w, https:\/\/www.cultidelta.com\/wp-content\/uploads\/2023\/01\/Paysalia-2021-2-320x240.jpg 320w, https:\/\/www.cultidelta.com\/wp-content\/uploads\/2023\/01\/Paysalia-2021-2-480x360.jpg 480w, https:\/\/www.cultidelta.com\/wp-content\/uploads\/2023\/01\/Paysalia-2021-2-463x348.jpg 463w, https:\/\/www.cultidelta.com\/wp-content\/uploads\/2023\/01\/Paysalia-2021-2-400x300.jpg 400w, https:\/\/www.cultidelta.com\/wp-content\/uploads\/2023\/01\/Paysalia-2021-2-367x275.jpg 367w\" sizes=\"auto, (max-width: 640px) 100vw, 640px\" \/><\/figure>\n\n\n\n<figure class=\"wp-block-image size-full\"><img loading=\"lazy\" decoding=\"async\" width=\"640\" height=\"480\" data-id=\"5834\" src=\"https:\/\/www.cultidelta.com\/wp-content\/uploads\/2023\/01\/Paysalia-2021-11.jpg\" alt=\"\" class=\"wp-image-5834\" srcset=\"https:\/\/www.cultidelta.com\/wp-content\/uploads\/2023\/01\/Paysalia-2021-11.jpg 640w, https:\/\/www.cultidelta.com\/wp-content\/uploads\/2023\/01\/Paysalia-2021-11-320x240.jpg 320w, https:\/\/www.cultidelta.com\/wp-content\/uploads\/2023\/01\/Paysalia-2021-11-480x360.jpg 480w, https:\/\/www.cultidelta.com\/wp-content\/uploads\/2023\/01\/Paysalia-2021-11-463x348.jpg 463w, https:\/\/www.cultidelta.com\/wp-content\/uploads\/2023\/01\/Paysalia-2021-11-400x300.jpg 400w, https:\/\/www.cultidelta.com\/wp-content\/uploads\/2023\/01\/Paysalia-2021-11-367x275.jpg 367w\" sizes=\"auto, (max-width: 640px) 100vw, 640px\" \/><\/figure>\n<\/figure>\n","protected":false},"excerpt":{"rendered":"<p>Del 30 de noviembre al 2 de diciembre tiene lugar esta feria dedicada a la exposici\u00f3n de paisajes, jardines y deportes. Hemos aprovechado para presentar el cat\u00e1logo 2021-22 que ya cuenta con m\u00e1s de 1.200 especies producidas gracias a un importante trabajo de recerca por parte de nuestro departamento t\u00e9cnico.<\/p>\n","protected":false},"author":1,"featured_media":5397,"comment_status":"open","ping_status":"closed","sticky":false,"template":"","format":"standard","meta":{"_acf_changed":false,"om_disable_all_campaigns":false,"_monsterinsights_skip_tracking":false,"_monsterinsights_sitenote_active":false,"_monsterinsights_sitenote_note":"","_monsterinsights_sitenote_category":0,"footnotes":""},"categories":[1],"tags":[98],"class_list":["post-5396","post","type-post","status-publish","format-standard","has-post-thumbnail","hentry","category-sin-categorizar","tag-98"],"acf":[],"aioseo_notices":[],"featured_image_src":{"landsacpe":["https:\/\/www.cultidelta.com\/wp-content\/uploads\/2023\/01\/Paysalia-2021-1-640x445.jpg",640,445,true],"list":["https:\/\/www.cultidelta.com\/wp-content\/uploads\/2023\/01\/Paysalia-2021-1-463x348.jpg",463,348,true],"medium":["https:\/\/www.cultidelta.com\/wp-content\/uploads\/2023\/01\/Paysalia-2021-1-300x225.jpg",300,225,true],"full":["https:\/\/www.cultidelta.com\/wp-content\/uploads\/2023\/01\/Paysalia-2021-1.jpg",640,480,false]},"_links":{"self":[{"href":"https:\/\/www.cultidelta.com\/en\/wp-json\/wp\/v2\/posts\/5396","targetHints":{"allow":["GET"]}}],"collection":[{"href":"https:\/\/www.cultidelta.com\/en\/wp-json\/wp\/v2\/posts"}],"about":[{"href":"https:\/\/www.cultidelta.com\/en\/wp-json\/wp\/v2\/types\/post"}],"author":[{"embeddable":true,"href":"https:\/\/www.cultidelta.com\/en\/wp-json\/wp\/v2\/users\/1"}],"replies":[{"embeddable":true,"href":"https:\/\/www.cultidelta.com\/en\/wp-json\/wp\/v2\/comments?post=5396"}],"version-history":[{"count":2,"href":"https:\/\/www.cultidelta.com\/en\/wp-json\/wp\/v2\/posts\/5396\/revisions"}],"predecessor-version":[{"id":5844,"href":"https:\/\/www.cultidelta.com\/en\/wp-json\/wp\/v2\/posts\/5396\/revisions\/5844"}],"wp:featuredmedia":[{"embeddable":true,"href":"https:\/\/www.cultidelta.com\/en\/wp-json\/wp\/v2\/media\/5397"}],"wp:attachment":[{"href":"https:\/\/www.cultidelta.com\/en\/wp-json\/wp\/v2\/media?parent=5396"}],"wp:term":[{"taxonomy":"category","embeddable":true,"href":"https:\/\/www.cultidelta.com\/en\/wp-json\/wp\/v2\/categories?post=5396"},{"taxonomy":"post_tag","embeddable":true,"href":"https:\/\/www.cultidelta.com\/en\/wp-json\/wp\/v2\/tags?post=5396"}],"curies":[{"name":"wp","href":"https:\/\/api.w.org\/{rel}","templated":true}]}}