{"id":5595,"date":"2014-03-26T09:58:29","date_gmt":"2014-03-26T09:58:29","guid":{"rendered":"https:\/\/www.cultidelta.com\/?p=5595"},"modified":"2023-01-31T10:26:30","modified_gmt":"2023-01-31T10:26:30","slug":"enric-sancho-ponente-en-la-jornada-tecnica-de-jardineria-y-paisajismo","status":"publish","type":"post","link":"https:\/\/www.cultidelta.com\/en\/enric-sancho-ponente-en-la-jornada-tecnica-de-jardineria-y-paisajismo\/","title":{"rendered":"Enric Sancho, ponente en la Jornada T\u00e9cnica de Jardiner\u00eda y Paisajismo"},"content":{"rendered":"\n<p>Organizado por el Instituto de Educaci\u00f3n Secundaria Mollerusa, Jarditec y la Fer\u00eda de Mollerussa.<\/p>\n\n\n\n<p>Enric Sancho ha participado como ponente en la X Jornada T\u00e9cnica de Jardiner\u00eda y Paisajismo: La elecci\u00f3n de las especies vegetales y su gesti\u00f3n.&nbsp;<\/p>\n\n\n\n<p>La jornada se realiz\u00f3 el 20 de marzo en la Fer\u00eda de Sant Josep en Mollerussa.&nbsp;<\/p>\n\n\n\n<p>La sesi\u00f3n que present\u00f3 el Sr. Sancho trataba de &#8220;La elecci\u00f3n de les especies vegetales&#8221;.&nbsp;<\/p>\n\n\n\n<p><a rel=\"noreferrer noopener\" href=\"http:\/\/www.cultidelta.com\/doc\/Jornada_St_Josep.pdf\" target=\"_blank\">D\u00edptico de la Jornada<\/a><\/p>\n\n\n\n<figure class=\"wp-block-image size-full\"><img loading=\"lazy\" decoding=\"async\" width=\"640\" height=\"480\" src=\"https:\/\/www.cultidelta.com\/wp-content\/uploads\/2023\/01\/Foto_Fira_Josep.jpg\" alt=\"\" class=\"wp-image-5945\" srcset=\"https:\/\/www.cultidelta.com\/wp-content\/uploads\/2023\/01\/Foto_Fira_Josep.jpg 640w, https:\/\/www.cultidelta.com\/wp-content\/uploads\/2023\/01\/Foto_Fira_Josep-320x240.jpg 320w, https:\/\/www.cultidelta.com\/wp-content\/uploads\/2023\/01\/Foto_Fira_Josep-480x360.jpg 480w, https:\/\/www.cultidelta.com\/wp-content\/uploads\/2023\/01\/Foto_Fira_Josep-463x348.jpg 463w, https:\/\/www.cultidelta.com\/wp-content\/uploads\/2023\/01\/Foto_Fira_Josep-400x300.jpg 400w, https:\/\/www.cultidelta.com\/wp-content\/uploads\/2023\/01\/Foto_Fira_Josep-367x275.jpg 367w\" sizes=\"auto, (max-width: 640px) 100vw, 640px\" \/><\/figure>\n","protected":false},"excerpt":{"rendered":"<p>Organizado por el Instituto de Educaci\u00f3n Secundaria Mollerusa, Jarditec y la Fer\u00eda de Mollerussa. Enric Sancho ha participado como ponente en la X Jornada T\u00e9cnica de Jardiner\u00eda y Paisajismo: La elecci\u00f3n de las especies vegetales y su gesti\u00f3n.&nbsp; La jornada se realiz\u00f3 el 20 de marzo en la Fer\u00eda de Sant Josep en Mollerussa.&nbsp; La [&hellip;]<\/p>\n","protected":false},"author":1,"featured_media":5748,"comment_status":"open","ping_status":"closed","sticky":false,"template":"","format":"standard","meta":{"_acf_changed":false,"om_disable_all_campaigns":false,"_monsterinsights_skip_tracking":false,"_monsterinsights_sitenote_active":false,"_monsterinsights_sitenote_note":"","_monsterinsights_sitenote_category":0,"footnotes":""},"categories":[1],"tags":[106],"class_list":["post-5595","post","type-post","status-publish","format-standard","has-post-thumbnail","hentry","category-sin-categorizar","tag-106"],"acf":[],"aioseo_notices":[],"featured_image_src":{"landsacpe":["https:\/\/www.cultidelta.com\/wp-content\/uploads\/2014\/03\/Foto_Fira_Josep-640x445.jpg",640,445,true],"list":["https:\/\/www.cultidelta.com\/wp-content\/uploads\/2014\/03\/Foto_Fira_Josep-463x348.jpg",463,348,true],"medium":["https:\/\/www.cultidelta.com\/wp-content\/uploads\/2014\/03\/Foto_Fira_Josep-300x225.jpg",300,225,true],"full":["https:\/\/www.cultidelta.com\/wp-content\/uploads\/2014\/03\/Foto_Fira_Josep.jpg",640,480,false]},"_links":{"self":[{"href":"https:\/\/www.cultidelta.com\/en\/wp-json\/wp\/v2\/posts\/5595","targetHints":{"allow":["GET"]}}],"collection":[{"href":"https:\/\/www.cultidelta.com\/en\/wp-json\/wp\/v2\/posts"}],"about":[{"href":"https:\/\/www.cultidelta.com\/en\/wp-json\/wp\/v2\/types\/post"}],"author":[{"embeddable":true,"href":"https:\/\/www.cultidelta.com\/en\/wp-json\/wp\/v2\/users\/1"}],"replies":[{"embeddable":true,"href":"https:\/\/www.cultidelta.com\/en\/wp-json\/wp\/v2\/comments?post=5595"}],"version-history":[{"count":3,"href":"https:\/\/www.cultidelta.com\/en\/wp-json\/wp\/v2\/posts\/5595\/revisions"}],"predecessor-version":[{"id":5953,"href":"https:\/\/www.cultidelta.com\/en\/wp-json\/wp\/v2\/posts\/5595\/revisions\/5953"}],"wp:featuredmedia":[{"embeddable":true,"href":"https:\/\/www.cultidelta.com\/en\/wp-json\/wp\/v2\/media\/5748"}],"wp:attachment":[{"href":"https:\/\/www.cultidelta.com\/en\/wp-json\/wp\/v2\/media?parent=5595"}],"wp:term":[{"taxonomy":"category","embeddable":true,"href":"https:\/\/www.cultidelta.com\/en\/wp-json\/wp\/v2\/categories?post=5595"},{"taxonomy":"post_tag","embeddable":true,"href":"https:\/\/www.cultidelta.com\/en\/wp-json\/wp\/v2\/tags?post=5595"}],"curies":[{"name":"wp","href":"https:\/\/api.w.org\/{rel}","templated":true}]}}