{"id":5531,"date":"2019-10-25T14:48:46","date_gmt":"2019-10-25T14:48:46","guid":{"rendered":"https:\/\/www.cultidelta.com\/?p=5531"},"modified":"2023-01-31T10:17:13","modified_gmt":"2023-01-31T10:17:13","slug":"cultidelta-participa-en-iberflora","status":"publish","type":"post","link":"https:\/\/www.cultidelta.com\/fr\/cultidelta-participa-en-iberflora\/","title":{"rendered":"Cultidelta participa en Iberflora"},"content":{"rendered":"\n<p>Se particip\u00f3 a la 48\u00aa edici\u00f3n de la Feria Internacional<\/p>\n\n\n\n<p>Por 12\u00aa vez Cultidelta expone en la Fira Internacional de Planta y Flor, Paisajismo, Tecnolog\u00eda i Bricojard\u00edn, que se celebr\u00f3 del 1 al 3 de octubre en Valencia.<\/p>\n\n\n\n<p><\/p>\n\n\n\n<figure class=\"wp-block-gallery has-nested-images columns-default is-cropped wp-block-gallery-1 is-layout-flex wp-block-gallery-is-layout-flex\">\n<figure class=\"wp-block-image size-large\"><img loading=\"lazy\" decoding=\"async\" width=\"1024\" height=\"768\" data-id=\"5858\" src=\"https:\/\/www.cultidelta.com\/wp-content\/uploads\/2023\/01\/Iberflora-2019-32-1024x768.jpg\" alt=\"\" class=\"wp-image-5858\" srcset=\"https:\/\/www.cultidelta.com\/wp-content\/uploads\/2023\/01\/Iberflora-2019-32-1024x768.jpg 1024w, https:\/\/www.cultidelta.com\/wp-content\/uploads\/2023\/01\/Iberflora-2019-32-768x576.jpg 768w, https:\/\/www.cultidelta.com\/wp-content\/uploads\/2023\/01\/Iberflora-2019-32-320x240.jpg 320w, https:\/\/www.cultidelta.com\/wp-content\/uploads\/2023\/01\/Iberflora-2019-32-480x360.jpg 480w, https:\/\/www.cultidelta.com\/wp-content\/uploads\/2023\/01\/Iberflora-2019-32-800x600.jpg 800w, https:\/\/www.cultidelta.com\/wp-content\/uploads\/2023\/01\/Iberflora-2019-32-463x348.jpg 463w, https:\/\/www.cultidelta.com\/wp-content\/uploads\/2023\/01\/Iberflora-2019-32-640x480.jpg 640w, https:\/\/www.cultidelta.com\/wp-content\/uploads\/2023\/01\/Iberflora-2019-32-400x300.jpg 400w, https:\/\/www.cultidelta.com\/wp-content\/uploads\/2023\/01\/Iberflora-2019-32-367x275.jpg 367w\" sizes=\"auto, (max-width: 1024px) 100vw, 1024px\" \/><\/figure>\n\n\n\n<figure class=\"wp-block-image size-large\"><img loading=\"lazy\" decoding=\"async\" width=\"1024\" height=\"768\" data-id=\"5861\" src=\"https:\/\/www.cultidelta.com\/wp-content\/uploads\/2023\/01\/Iberflora-2019-2-1024x768.jpg\" alt=\"\" class=\"wp-image-5861\" srcset=\"https:\/\/www.cultidelta.com\/wp-content\/uploads\/2023\/01\/Iberflora-2019-2-1024x768.jpg 1024w, https:\/\/www.cultidelta.com\/wp-content\/uploads\/2023\/01\/Iberflora-2019-2-768x576.jpg 768w, https:\/\/www.cultidelta.com\/wp-content\/uploads\/2023\/01\/Iberflora-2019-2-320x240.jpg 320w, https:\/\/www.cultidelta.com\/wp-content\/uploads\/2023\/01\/Iberflora-2019-2-480x360.jpg 480w, https:\/\/www.cultidelta.com\/wp-content\/uploads\/2023\/01\/Iberflora-2019-2-800x600.jpg 800w, https:\/\/www.cultidelta.com\/wp-content\/uploads\/2023\/01\/Iberflora-2019-2-463x348.jpg 463w, https:\/\/www.cultidelta.com\/wp-content\/uploads\/2023\/01\/Iberflora-2019-2-640x480.jpg 640w, https:\/\/www.cultidelta.com\/wp-content\/uploads\/2023\/01\/Iberflora-2019-2-400x300.jpg 400w, https:\/\/www.cultidelta.com\/wp-content\/uploads\/2023\/01\/Iberflora-2019-2-367x275.jpg 367w\" sizes=\"auto, (max-width: 1024px) 100vw, 1024px\" \/><\/figure>\n\n\n\n<figure class=\"wp-block-image size-large\"><img loading=\"lazy\" decoding=\"async\" width=\"1024\" height=\"768\" data-id=\"5866\" src=\"https:\/\/www.cultidelta.com\/wp-content\/uploads\/2023\/01\/Iberflora-2019-1-1024x768.jpg\" alt=\"\" class=\"wp-image-5866\" srcset=\"https:\/\/www.cultidelta.com\/wp-content\/uploads\/2023\/01\/Iberflora-2019-1-1024x768.jpg 1024w, https:\/\/www.cultidelta.com\/wp-content\/uploads\/2023\/01\/Iberflora-2019-1-768x576.jpg 768w, https:\/\/www.cultidelta.com\/wp-content\/uploads\/2023\/01\/Iberflora-2019-1-320x240.jpg 320w, https:\/\/www.cultidelta.com\/wp-content\/uploads\/2023\/01\/Iberflora-2019-1-480x360.jpg 480w, https:\/\/www.cultidelta.com\/wp-content\/uploads\/2023\/01\/Iberflora-2019-1-800x600.jpg 800w, https:\/\/www.cultidelta.com\/wp-content\/uploads\/2023\/01\/Iberflora-2019-1-463x348.jpg 463w, https:\/\/www.cultidelta.com\/wp-content\/uploads\/2023\/01\/Iberflora-2019-1-640x480.jpg 640w, https:\/\/www.cultidelta.com\/wp-content\/uploads\/2023\/01\/Iberflora-2019-1-400x300.jpg 400w, https:\/\/www.cultidelta.com\/wp-content\/uploads\/2023\/01\/Iberflora-2019-1-367x275.jpg 367w\" sizes=\"auto, (max-width: 1024px) 100vw, 1024px\" \/><\/figure>\n<\/figure>\n","protected":false},"excerpt":{"rendered":"<p>Se particip\u00f3 a la 48\u00aa edici\u00f3n de la Feria Internacional Por 12\u00aa vez Cultidelta expone en la Fira Internacional de Planta y Flor, Paisajismo, Tecnolog\u00eda i Bricojard\u00edn, que se celebr\u00f3 del 1 al 3 de octubre en Valencia.<\/p>\n","protected":false},"author":1,"featured_media":5695,"comment_status":"open","ping_status":"closed","sticky":false,"template":"","format":"standard","meta":{"_acf_changed":false,"om_disable_all_campaigns":false,"_monsterinsights_skip_tracking":false,"_monsterinsights_sitenote_active":false,"_monsterinsights_sitenote_note":"","_monsterinsights_sitenote_category":0,"footnotes":""},"categories":[1],"tags":[100],"class_list":["post-5531","post","type-post","status-publish","format-standard","has-post-thumbnail","hentry","category-sin-categorizar","tag-100"],"acf":[],"aioseo_notices":[],"featured_image_src":{"landsacpe":["https:\/\/www.cultidelta.com\/wp-content\/uploads\/2019\/10\/Iberflora-2019-31-1140x445.jpg",1140,445,true],"list":["https:\/\/www.cultidelta.com\/wp-content\/uploads\/2019\/10\/Iberflora-2019-31-463x348.jpg",463,348,true],"medium":["https:\/\/www.cultidelta.com\/wp-content\/uploads\/2019\/10\/Iberflora-2019-31-300x225.jpg",300,225,true],"full":["https:\/\/www.cultidelta.com\/wp-content\/uploads\/2019\/10\/Iberflora-2019-31.jpg",1600,1200,false]},"_links":{"self":[{"href":"https:\/\/www.cultidelta.com\/fr\/wp-json\/wp\/v2\/posts\/5531","targetHints":{"allow":["GET"]}}],"collection":[{"href":"https:\/\/www.cultidelta.com\/fr\/wp-json\/wp\/v2\/posts"}],"about":[{"href":"https:\/\/www.cultidelta.com\/fr\/wp-json\/wp\/v2\/types\/post"}],"author":[{"embeddable":true,"href":"https:\/\/www.cultidelta.com\/fr\/wp-json\/wp\/v2\/users\/1"}],"replies":[{"embeddable":true,"href":"https:\/\/www.cultidelta.com\/fr\/wp-json\/wp\/v2\/comments?post=5531"}],"version-history":[{"count":3,"href":"https:\/\/www.cultidelta.com\/fr\/wp-json\/wp\/v2\/posts\/5531\/revisions"}],"predecessor-version":[{"id":5870,"href":"https:\/\/www.cultidelta.com\/fr\/wp-json\/wp\/v2\/posts\/5531\/revisions\/5870"}],"wp:featuredmedia":[{"embeddable":true,"href":"https:\/\/www.cultidelta.com\/fr\/wp-json\/wp\/v2\/media\/5695"}],"wp:attachment":[{"href":"https:\/\/www.cultidelta.com\/fr\/wp-json\/wp\/v2\/media?parent=5531"}],"wp:term":[{"taxonomy":"category","embeddable":true,"href":"https:\/\/www.cultidelta.com\/fr\/wp-json\/wp\/v2\/categories?post=5531"},{"taxonomy":"post_tag","embeddable":true,"href":"https:\/\/www.cultidelta.com\/fr\/wp-json\/wp\/v2\/tags?post=5531"}],"curies":[{"name":"wp","href":"https:\/\/api.w.org\/{rel}","templated":true}]}}