{"id":5670,"date":"2002-09-15T10:22:40","date_gmt":"2002-09-15T10:22:40","guid":{"rendered":"https:\/\/www.cultidelta.com\/?p=5670"},"modified":"2023-01-27T11:10:16","modified_gmt":"2023-01-27T11:10:16","slug":"plantas-que-buscan-la-tierra-dels-ports-diario-el-punt-novembre-2002","status":"publish","type":"post","link":"https:\/\/www.cultidelta.com\/fr\/plantas-que-buscan-la-tierra-dels-ports-diario-el-punt-novembre-2002\/","title":{"rendered":"Plantas que buscan la tierra dels Ports. Diario El Punt (Novembre 2002)"},"content":{"rendered":"\n<p>El Parque Natural trabaja con la implantaci\u00f3n de un helecho y una orqu\u00eddia, e investiga el arce.<\/p>\n\n\n\n<p>El Parque Natural trabaja con la implantaci\u00f3n de un helecho y una orqu\u00eddia, e investiga el arce. El Parque Natural dels Ports en colaboraci\u00f3n con la empresa viverista Cultidelta, ha empezado un programa que tiene por objeto implantar en els Ports dos especies vegetales desaparecidas o con poca presencia: la orqu\u00eddia, Spiranthes aestivalis, protegida por la Directiva Europea de H\u00e0bitats -ya que est\u00e1 en peligro de extinci\u00f3n-, y el helecho, Phyllitis segittata, actualmente inexistente en esta zona, pero citada a principios del s. XX. El programa tambi\u00e9n incluye un estudio del arce, Acer opalus granatensis, para observar su adaptaci\u00f3n en viveros pensando en la posibilidad de usarlo en jardiner\u00eda.<\/p>\n\n\n\n<p><strong>\u00abVamos con una venda en los ojos\u00bb<\/strong><\/p>\n\n\n\n<p>Enric Sancho, uno de los socios de la empresa Cultidelta, dedicada a la plantaci\u00f3n y reproducci\u00f3n de plantas aut\u00f3ctonas, explicaba que al trabajar en la reintroducci\u00f3n de la orqu\u00eddia y el helecho van \u00abcon una venda en los ojos porque nunca se han intentando cultivar en un vivero\u00bb, nos comenta. Lo mismo pasa con el acer, un \u00e1rbol que tiene en los Ports la poblaci\u00f3n m\u00e1s grande, y que ahora quieren hacer crecer en cautividad. Despues de recoger las semillas en dos puntos del valle del Mas, los viveristas han plantado unas 500 macetas. \u00abSi nacen la mitad ya me dar\u00eda por satisfecho\u00bb, explica Sancho, que nos indica que las macetas estan en un invernadero cubiertas con mallas oscuras, ya que es una planta que al principio no admite demasiada luz. El objetivo del programa, por lo que se refiere al acer, es observar su evoluci\u00f3n y comprobar si es posible plantar este \u00e1rbol, que es el s\u00edmbolo del Parque Natural dels Ports, en jardines. Tambi\u00e9n quieren observar la coloraci\u00f3n de las hojas, ya que pueden variar segun el sitio donde est\u00e1 plantado.<\/p>\n","protected":false},"excerpt":{"rendered":"<p>El Parque Natural trabaja con la implantaci\u00f3n de un helecho y una orqu\u00eddia, e investiga el arce. El Parque Natural trabaja con la implantaci\u00f3n de un helecho y una orqu\u00eddia, e investiga el arce. El Parque Natural dels Ports en colaboraci\u00f3n con la empresa viverista Cultidelta, ha empezado un programa que tiene por objeto implantar [&hellip;]<\/p>\n","protected":false},"author":1,"featured_media":4816,"comment_status":"open","ping_status":"closed","sticky":false,"template":"","format":"standard","meta":{"_acf_changed":false,"om_disable_all_campaigns":false,"_monsterinsights_skip_tracking":false,"_monsterinsights_sitenote_active":false,"_monsterinsights_sitenote_note":"","_monsterinsights_sitenote_category":0,"footnotes":""},"categories":[1],"tags":[113],"class_list":["post-5670","post","type-post","status-publish","format-standard","has-post-thumbnail","hentry","category-sin-categorizar","tag-113"],"acf":[],"aioseo_notices":[],"featured_image_src":{"landsacpe":["https:\/\/www.cultidelta.com\/wp-content\/uploads\/2023\/01\/logo-cultidelta-2020.png",350,85,false],"list":["https:\/\/www.cultidelta.com\/wp-content\/uploads\/2023\/01\/logo-cultidelta-2020.png",350,85,false],"medium":["https:\/\/www.cultidelta.com\/wp-content\/uploads\/2023\/01\/logo-cultidelta-2020-300x73.png",300,73,true],"full":["https:\/\/www.cultidelta.com\/wp-content\/uploads\/2023\/01\/logo-cultidelta-2020.png",350,85,false]},"_links":{"self":[{"href":"https:\/\/www.cultidelta.com\/fr\/wp-json\/wp\/v2\/posts\/5670","targetHints":{"allow":["GET"]}}],"collection":[{"href":"https:\/\/www.cultidelta.com\/fr\/wp-json\/wp\/v2\/posts"}],"about":[{"href":"https:\/\/www.cultidelta.com\/fr\/wp-json\/wp\/v2\/types\/post"}],"author":[{"embeddable":true,"href":"https:\/\/www.cultidelta.com\/fr\/wp-json\/wp\/v2\/users\/1"}],"replies":[{"embeddable":true,"href":"https:\/\/www.cultidelta.com\/fr\/wp-json\/wp\/v2\/comments?post=5670"}],"version-history":[{"count":1,"href":"https:\/\/www.cultidelta.com\/fr\/wp-json\/wp\/v2\/posts\/5670\/revisions"}],"predecessor-version":[{"id":5671,"href":"https:\/\/www.cultidelta.com\/fr\/wp-json\/wp\/v2\/posts\/5670\/revisions\/5671"}],"wp:featuredmedia":[{"embeddable":true,"href":"https:\/\/www.cultidelta.com\/fr\/wp-json\/wp\/v2\/media\/4816"}],"wp:attachment":[{"href":"https:\/\/www.cultidelta.com\/fr\/wp-json\/wp\/v2\/media?parent=5670"}],"wp:term":[{"taxonomy":"category","embeddable":true,"href":"https:\/\/www.cultidelta.com\/fr\/wp-json\/wp\/v2\/categories?post=5670"},{"taxonomy":"post_tag","embeddable":true,"href":"https:\/\/www.cultidelta.com\/fr\/wp-json\/wp\/v2\/tags?post=5670"}],"curies":[{"name":"wp","href":"https:\/\/api.w.org\/{rel}","templated":true}]}}